{"id":3080,"date":"2023-05-22T10:06:54","date_gmt":"2023-05-22T08:06:54","guid":{"rendered":"https:\/\/labo-maths.blog.ac-lyon.fr\/wordpress\/?p=3080"},"modified":"2023-06-18T12:56:38","modified_gmt":"2023-06-18T10:56:38","slug":"podcast-kadekol-sur-le-labo-maths","status":"publish","type":"post","link":"https:\/\/labo-maths.blog.ac-lyon.fr\/wordpress\/3080\/","title":{"rendered":"Podcast Kad\u00e9kol sur le Labo Maths !"},"content":{"rendered":"\n<p>Durant la JNI 2023, Kad\u00e9kol la webradio de l&rsquo;iF\u00e9 s&rsquo;est interess\u00e9e au Labo Maths. Podcast \u00e0 retrouver sur <a href=\"https:\/\/ife.ens-lyon.fr\/kadekol\/hors-series\/61-vivre-les-maths-autrement-labo-maths\">ife.ens-Lyon.fr\/kadekol<\/a><\/p>\n\n\n\n<figure class=\"wp-block-image size-large is-resized\"><img decoding=\"async\" src=\"https:\/\/labo-maths.blog.ac-lyon.fr\/wordpress\/wp-content\/uploads\/2023\/05\/WhatsApp-Image-2023-05-22-at-10.24.56-576x1024.jpeg\" alt=\"\" class=\"wp-image-3081\" width=\"211\" height=\"376\" srcset=\"https:\/\/labo-maths.blog.ac-lyon.fr\/wordpress\/wp-content\/uploads\/2023\/05\/WhatsApp-Image-2023-05-22-at-10.24.56-576x1024.jpeg 576w, https:\/\/labo-maths.blog.ac-lyon.fr\/wordpress\/wp-content\/uploads\/2023\/05\/WhatsApp-Image-2023-05-22-at-10.24.56-169x300.jpeg 169w, https:\/\/labo-maths.blog.ac-lyon.fr\/wordpress\/wp-content\/uploads\/2023\/05\/WhatsApp-Image-2023-05-22-at-10.24.56-600x1067.jpeg 600w, https:\/\/labo-maths.blog.ac-lyon.fr\/wordpress\/wp-content\/uploads\/2023\/05\/WhatsApp-Image-2023-05-22-at-10.24.56.jpeg 675w\" sizes=\"(max-width: 211px) 100vw, 211px\" \/><\/figure>\n\n\n\n<hr class=\"wp-block-separator has-alpha-channel-opacity\"\/>\n\n\n\n<figure class=\"wp-block-image size-large is-resized\"><img decoding=\"async\" src=\"https:\/\/labo-maths.blog.ac-lyon.fr\/wordpress\/wp-content\/uploads\/2023\/05\/WhatsApp-Image-2023-05-22-at-10.24.57-473x1024.jpeg\" alt=\"\" class=\"wp-image-3082\" width=\"212\" height=\"460\" srcset=\"https:\/\/labo-maths.blog.ac-lyon.fr\/wordpress\/wp-content\/uploads\/2023\/05\/WhatsApp-Image-2023-05-22-at-10.24.57-473x1024.jpeg 473w, https:\/\/labo-maths.blog.ac-lyon.fr\/wordpress\/wp-content\/uploads\/2023\/05\/WhatsApp-Image-2023-05-22-at-10.24.57.jpeg 554w\" sizes=\"(max-width: 212px) 100vw, 212px\" \/><\/figure>\n","protected":false},"excerpt":{"rendered":"<p>Durant la JNI 2023, Kad\u00e9kol la webradio de l&rsquo;iF\u00e9 s&rsquo;est interess\u00e9e au Labo Maths. Podcast \u00e0 retrouver sur ife.ens-Lyon.fr\/kadekol<\/p>\n","protected":false},"author":10,"featured_media":0,"comment_status":"closed","ping_status":"closed","sticky":false,"template":"","format":"standard","meta":{"footnotes":""},"categories":[345],"tags":[],"class_list":["post-3080","post","type-post","status-publish","format-standard","hentry","category-actualites"],"_links":{"self":[{"href":"https:\/\/labo-maths.blog.ac-lyon.fr\/wordpress\/wp-json\/wp\/v2\/posts\/3080","targetHints":{"allow":["GET"]}}],"collection":[{"href":"https:\/\/labo-maths.blog.ac-lyon.fr\/wordpress\/wp-json\/wp\/v2\/posts"}],"about":[{"href":"https:\/\/labo-maths.blog.ac-lyon.fr\/wordpress\/wp-json\/wp\/v2\/types\/post"}],"author":[{"embeddable":true,"href":"https:\/\/labo-maths.blog.ac-lyon.fr\/wordpress\/wp-json\/wp\/v2\/users\/10"}],"replies":[{"embeddable":true,"href":"https:\/\/labo-maths.blog.ac-lyon.fr\/wordpress\/wp-json\/wp\/v2\/comments?post=3080"}],"version-history":[{"count":2,"href":"https:\/\/labo-maths.blog.ac-lyon.fr\/wordpress\/wp-json\/wp\/v2\/posts\/3080\/revisions"}],"predecessor-version":[{"id":3093,"href":"https:\/\/labo-maths.blog.ac-lyon.fr\/wordpress\/wp-json\/wp\/v2\/posts\/3080\/revisions\/3093"}],"wp:attachment":[{"href":"https:\/\/labo-maths.blog.ac-lyon.fr\/wordpress\/wp-json\/wp\/v2\/media?parent=3080"}],"wp:term":[{"taxonomy":"category","embeddable":true,"href":"https:\/\/labo-maths.blog.ac-lyon.fr\/wordpress\/wp-json\/wp\/v2\/categories?post=3080"},{"taxonomy":"post_tag","embeddable":true,"href":"https:\/\/labo-maths.blog.ac-lyon.fr\/wordpress\/wp-json\/wp\/v2\/tags?post=3080"}],"curies":[{"name":"wp","href":"https:\/\/api.w.org\/{rel}","templated":true}]}}